{"id":1,"date":"2016-02-22T14:33:43","date_gmt":"2016-02-22T13:33:43","guid":{"rendered":"https:\/\/www.tvj.de\/ws\/?p=1"},"modified":"2016-04-26T12:24:59","modified_gmt":"2016-04-26T10:24:59","slug":"sportlerehrung2016","status":"publish","type":"post","link":"https:\/\/www.tvj.de\/judo\/sportlerehrung2016\/","title":{"rendered":"Sportlerehrung 2016 der Stadt und StadtSportVerband Grevenbroich"},"content":{"rendered":"<p>Am Freitag,19. Februar 2016 bei der Sportlerehrung im Saal von Haus Neurath ging es zun\u00e4chst um die Erwachsenen. 150 Sportler aus den verschiedensten Grevenbroicher Sportvereinen kamen zur Gala in den Saal von Haus Neurath.Musik, Tanz und Ehrungen f\u00fcllten das Programm der 28. Stadtsportlerehrung am vergangenen Freitag. Gekonnt durch das Programm f\u00fchrten der erste Vorsitzende des Stadtsportverbands, Heinz-Peter Korte und Friedbert Hamacher vom Grevenbroicher Sportamt.<br \/>\n<strong>Neben Urkunden gab es die Sportehrennadel der Stadt Grevenbroich f\u00fcr Klaus Calvis, Vize-Pr\u00e4sident des TV Jahn Kapellen.<\/strong><\/p>\n<p><img loading=\"lazy\" decoding=\"async\" class=\"alignnone size-medium wp-image-2524\" src=\"https:\/\/www.tvj.de\/judo\/wp-content\/uploads\/Ehrung-Klaus-Calvis-19-02-2016-1-205x300.jpg\" alt=\"Ehrung Klaus Calvis 19-02-2016\" width=\"205\" height=\"300\" srcset=\"https:\/\/www.tvj.de\/judo\/wp-content\/uploads\/Ehrung-Klaus-Calvis-19-02-2016-1-205x300.jpg 205w, https:\/\/www.tvj.de\/judo\/wp-content\/uploads\/Ehrung-Klaus-Calvis-19-02-2016-1-700x1024.jpg 700w, https:\/\/www.tvj.de\/judo\/wp-content\/uploads\/Ehrung-Klaus-Calvis-19-02-2016-1.jpg 850w\" sizes=\"auto, (max-width: 205px) 100vw, 205px\" \/><\/p>\n<p>Die Liste der zu Ehrenden war lang. 42 Sportler sollten es an diesem Abend sein, doch nur 24 konnten ihre Auszeichnungen pers\u00f6nlich entgegennehmen.<br \/>\n\u201eLeider haben sich einige Sportler krank gemeldet\u201c, sagte Hamacher. Auch der H\u00f6hepunkt des Abends drohte krankheitsbedingt k\u00fcrzer auszufallen als sonst.<br \/>\nDer neue \u201eEhrenamtlers des Jahres\u201c, Hans Mainz (75), wollte aufgrund einer Erk\u00e4ltung eigentlich gar nicht kommen. \u201eMeine Frau hat mich dann aber gezwungen\u201c, sagte der Sportler vom TV Orken.Geahnt hatte Hans Mainz trotzdem nichts von seinem Gl\u00fcck. \u201eIch war sehr \u00fcberrascht. Eigentlich stehe ich nicht so gerne in der \u00d6ffentlichkeit.Trotzdem freut mich die Auszeichnung nat\u00fcrlich sehr\u201c, sagte der 75-J\u00e4hrige, der sich seit mehr als 50 Jahren besonders f\u00fcr den Prellball beim Turnverein Orken engagiert.Auch im Fu\u00dfball war Mainz jahrzehntelang aktiv. In den vergangenen Jahren wurde er f\u00fcr zahlreiche \u00c4mter geehrt und zuletzt als Ehrenmitglied in den Stadtsportverband aufgenommen.<br \/>\nDort f\u00fchrte er die Kasse. Der Sport stand und steht f\u00fcr Hans Mainz im Mittelpunkt. \u201eIch organisiere noch heute viel im Hintergrund. Doch das Wichtigste war und bleibt immer der Zusammenhalt im Verein.Die Sportfreunde, mit denen ich seit \u00fcber 50 Jahren aktiv bin, m\u00f6chte ich nicht missen\u201c, sagte er.<\/p>\n<p>Der Preis f\u00fcr den \u201eEhrenamtlers des Jahres 2015\u201c: Ein Wanderpokal, gestiftet vom damaligen NRW-Ministerpr\u00e4sidenten Johannes Rau, sowie eine Urkunde und ein Gutschein.<br \/>\nZu den Gratulanten z\u00e4hlte auch B\u00fcrgermeister Klaus Kr\u00fctzen. Untermalt wurden die Ehrungen von Musik der \u201ePascool Combo 2016\u201c des Pascal Gymnasiums. F\u00fcr Unterhaltung sorgten zudem die Zaubertricks von Andreas Omasics.<br \/>\nNeben Urkunden gab es die Sportehrennadel f\u00fcr Klaus Calvis, Klaus Jovi, Helmut J\u00fclich, Gudrun Kniep und Wilfried Sta\u00dfen .<\/p>\n<p>Am Sonntag schlug dann die Stunde der jungen Sportasse. Grevenbroich ehrte seine Stadtmeister und erfolgreichen Jugendsportler des Jahres 2015 in der Gro\u00dfsporthalle Gustorf. Der Stadtsportverband zeichnete rund 160 Stadtmeister aus. Weitere 135 Aktive, die auf \u00fcberregionaler Ebene Meisterschaften und vordere Platzierungen erreichten,<br \/>\nwaren zur \u00dcbergabe der Ehrungsurkunden eingeladen. Nebenher gab es ein abwechslungsreiches Showprogramm mit Musik, Akrobatik und Tanz.<\/p>\n<p>Quelle: NGZ \/ Sebastian Draxl<br \/>\nFOTO: G. Salzburg<\/p>\n","protected":false},"excerpt":{"rendered":"<p>Am Freitag,19. Februar 2016 bei der Sportlerehrung im Saal von Haus Neurath ging es zun\u00e4chst um die Erwachsenen. 150 Sportler aus den verschiedensten Grevenbroicher Sportvereinen kamen zur Gala in den Saal von Haus Neurath.Musik, Tanz und Ehrungen f\u00fcllten das Programm der 28. Stadtsportlerehrung am vergangenen Freitag. Gekonnt durch das Programm f\u00fchrten der erste Vorsitzende des &#8230; <a title=\"Sportlerehrung 2016 der Stadt und StadtSportVerband Grevenbroich\" class=\"read-more\" href=\"https:\/\/www.tvj.de\/judo\/sportlerehrung2016\/\" aria-label=\"Mehr Informationen \u00fcber Sportlerehrung 2016 der Stadt und StadtSportVerband Grevenbroich\">Weiterlesen<\/a><\/p>\n","protected":false},"author":1,"featured_media":2314,"comment_status":"open","ping_status":"open","sticky":false,"template":"","format":"standard","meta":{"_crdt_document":"","footnotes":""},"categories":[2],"tags":[],"class_list":["post-1","post","type-post","status-publish","format-standard","has-post-thumbnail","hentry","category-aktuell"],"_links":{"self":[{"href":"https:\/\/www.tvj.de\/judo\/wp-json\/wp\/v2\/posts\/1","targetHints":{"allow":["GET"]}}],"collection":[{"href":"https:\/\/www.tvj.de\/judo\/wp-json\/wp\/v2\/posts"}],"about":[{"href":"https:\/\/www.tvj.de\/judo\/wp-json\/wp\/v2\/types\/post"}],"author":[{"embeddable":true,"href":"https:\/\/www.tvj.de\/judo\/wp-json\/wp\/v2\/users\/1"}],"replies":[{"embeddable":true,"href":"https:\/\/www.tvj.de\/judo\/wp-json\/wp\/v2\/comments?post=1"}],"version-history":[{"count":0,"href":"https:\/\/www.tvj.de\/judo\/wp-json\/wp\/v2\/posts\/1\/revisions"}],"wp:featuredmedia":[{"embeddable":true,"href":"https:\/\/www.tvj.de\/judo\/wp-json\/wp\/v2\/media\/2314"}],"wp:attachment":[{"href":"https:\/\/www.tvj.de\/judo\/wp-json\/wp\/v2\/media?parent=1"}],"wp:term":[{"taxonomy":"category","embeddable":true,"href":"https:\/\/www.tvj.de\/judo\/wp-json\/wp\/v2\/categories?post=1"},{"taxonomy":"post_tag","embeddable":true,"href":"https:\/\/www.tvj.de\/judo\/wp-json\/wp\/v2\/tags?post=1"}],"curies":[{"name":"wp","href":"https:\/\/api.w.org\/{rel}","templated":true}]}}