{"id":3035,"date":"2020-11-11T12:23:25","date_gmt":"2020-11-11T11:23:25","guid":{"rendered":"https:\/\/www.tvj.de\/judo\/?p=3035"},"modified":"2020-11-11T12:23:27","modified_gmt":"2020-11-11T11:23:27","slug":"not-pruefung-beim-tv-jahn-judo","status":"publish","type":"post","link":"https:\/\/www.tvj.de\/judo\/not-pruefung-beim-tv-jahn-judo\/","title":{"rendered":"(Not) Pr\u00fcfung beim TV Jahn-Judo"},"content":{"rendered":"\n<p>Bedingt durch die von der Landesregierung ausgerufenen &#8222;Corona&#8220; Ma\u00dfnahmen, entschlossen sich die Judo Verantwortlichen am letzten m\u00f6glichen Trainingstag vor Schlie\u00dfung der Turnhallen eine G\u00fcrtelpr\u00fcfung durchzuf\u00fchren. Nachdem im Fr\u00fchjahr, ebenfalls Coronabedingt, schon die Pr\u00fcfung ausfallen musste, bekamen nun unsere Judoka die Gelegenheit ihre erlernten Techniken zu zeigen und den neuen &#8222;Kyu&#8220; zu erweben. Das taten dann auch alle mit Bravour und Geschick und alle bestanden die Pr\u00fcfung.<\/p>\n<p><img loading=\"lazy\" decoding=\"async\" class=\"alignleft size-medium wp-image-3036\" src=\"https:\/\/www.tvj.de\/judo\/wp-content\/uploads\/Prueflinge-2-300x225.jpeg\" alt=\"\" width=\"300\" height=\"225\" srcset=\"https:\/\/www.tvj.de\/judo\/wp-content\/uploads\/Prueflinge-2-300x225.jpeg 300w, https:\/\/www.tvj.de\/judo\/wp-content\/uploads\/Prueflinge-2-267x200.jpeg 267w, https:\/\/www.tvj.de\/judo\/wp-content\/uploads\/Prueflinge-2.jpeg 640w\" sizes=\"auto, (max-width: 300px) 100vw, 300px\" \/>Den wei\u00df\/gelben G\u00fcrtel erreichten:<\/p>\n<p>Donia Ben Said, Leni Sue Schmitz, Amelie Hipp, Adam Ridene, Jonathan Jess, Rayan Ben Said, Niklas M\u00f6ller, Henry Ulkan, Omar Korakli,\u00a0<\/p>\n<p>Gelb\/orange gab es f\u00fcr Valentin Jess und Sinan G\u00fcng\u00f6r<\/p>\n<p>Orange\/gr\u00fcn f\u00fcr Joshua Hellfeier und Julian Kottek<\/p>\n","protected":false},"excerpt":{"rendered":"<p>Bedingt durch die von der Landesregierung ausgerufenen &#8222;Corona&#8220; Ma\u00dfnahmen, entschlossen sich die Judo Verantwortlichen am letzten m\u00f6glichen Trainingstag vor Schlie\u00dfung der Turnhallen eine G\u00fcrtelpr\u00fcfung durchzuf\u00fchren. Nachdem im Fr\u00fchjahr, ebenfalls Coronabedingt, schon die Pr\u00fcfung ausfallen musste, bekamen nun unsere Judoka die Gelegenheit ihre erlernten Techniken zu zeigen und den neuen &#8222;Kyu&#8220; zu erweben. Das taten dann &#8230; <a title=\"(Not) Pr\u00fcfung beim TV Jahn-Judo\" class=\"read-more\" href=\"https:\/\/www.tvj.de\/judo\/not-pruefung-beim-tv-jahn-judo\/\" aria-label=\"Mehr Informationen \u00fcber (Not) Pr\u00fcfung beim TV Jahn-Judo\">Weiterlesen<\/a><\/p>\n","protected":false},"author":3,"featured_media":0,"comment_status":"closed","ping_status":"closed","sticky":false,"template":"","format":"standard","meta":{"_crdt_document":"","footnotes":""},"categories":[2],"tags":[],"class_list":["post-3035","post","type-post","status-publish","format-standard","hentry","category-aktuell"],"_links":{"self":[{"href":"https:\/\/www.tvj.de\/judo\/wp-json\/wp\/v2\/posts\/3035","targetHints":{"allow":["GET"]}}],"collection":[{"href":"https:\/\/www.tvj.de\/judo\/wp-json\/wp\/v2\/posts"}],"about":[{"href":"https:\/\/www.tvj.de\/judo\/wp-json\/wp\/v2\/types\/post"}],"author":[{"embeddable":true,"href":"https:\/\/www.tvj.de\/judo\/wp-json\/wp\/v2\/users\/3"}],"replies":[{"embeddable":true,"href":"https:\/\/www.tvj.de\/judo\/wp-json\/wp\/v2\/comments?post=3035"}],"version-history":[{"count":0,"href":"https:\/\/www.tvj.de\/judo\/wp-json\/wp\/v2\/posts\/3035\/revisions"}],"wp:attachment":[{"href":"https:\/\/www.tvj.de\/judo\/wp-json\/wp\/v2\/media?parent=3035"}],"wp:term":[{"taxonomy":"category","embeddable":true,"href":"https:\/\/www.tvj.de\/judo\/wp-json\/wp\/v2\/categories?post=3035"},{"taxonomy":"post_tag","embeddable":true,"href":"https:\/\/www.tvj.de\/judo\/wp-json\/wp\/v2\/tags?post=3035"}],"curies":[{"name":"wp","href":"https:\/\/api.w.org\/{rel}","templated":true}]}}