{"id":3170,"date":"2026-08-30T15:45:29","date_gmt":"2026-08-30T13:45:29","guid":{"rendered":"https:\/\/www.tvj.de\/judo\/?p=3170"},"modified":"2026-08-30T15:45:29","modified_gmt":"2026-08-30T13:45:29","slug":"johanna-stapelkamp-sportlerin-des-jahres-2026","status":"publish","type":"post","link":"https:\/\/www.tvj.de\/judo\/johanna-stapelkamp-sportlerin-des-jahres-2026\/","title":{"rendered":"Johanna Stapelkamp &#8211; Sportlerin des Jahres 2026"},"content":{"rendered":"\n<figure class=\"wp-block-image size-full\"><img loading=\"lazy\" decoding=\"async\" width=\"605\" height=\"340\" src=\"https:\/\/www.tvj.de\/judo\/wp-content\/uploads\/Johanna-Sportlerin-des-Jahres.jpg\" alt=\"\" class=\"wp-image-3171\" srcset=\"https:\/\/www.tvj.de\/judo\/wp-content\/uploads\/Johanna-Sportlerin-des-Jahres.jpg 605w, https:\/\/www.tvj.de\/judo\/wp-content\/uploads\/Johanna-Sportlerin-des-Jahres-300x169.jpg 300w\" sizes=\"auto, (max-width: 605px) 100vw, 605px\" \/><\/figure>\n\n\n\n<p class=\"wp-block-paragraph\">Bei der diesj\u00e4hrigen Jahreshauptversammlung des Gesamtvereins am 24. M\u00e4rz 2026 wurde Johanna Stapelkamp zur Sportlerin des Jahres gek\u00fcrt.<\/p>\n\n\n\n<p class=\"wp-block-paragraph\">Das 11-j\u00e4hrige Nachwuchstalent, das seit 2023 in unserer Judoabteilung aktiv ist, blickt auf ein \u00e4u\u00dferst erfolgreiches Wettkampfjahr zur\u00fcck:<\/p>\n\n\n\n<ul class=\"wp-block-list\">\n<li><strong>1. Platz<\/strong>\u00a0bei der Kreismeisterschaft<\/li>\n\n\n\n<li><strong>1. Platz<\/strong>\u00a0bei der Offenen Stadtmeisterschaft Dormagen<\/li>\n\n\n\n<li><strong>2. Platz<\/strong>\u00a0bei der Bezirksmeisterschaft<\/li>\n\n\n\n<li><strong>1. Platz<\/strong> bei der Stadtmeisterschaft in Grevenbroich<\/li>\n<\/ul>\n\n\n\n<p class=\"wp-block-paragraph\">Neben ihren sportlichen Erfolgen verh\u00e4lt sich Johanna auch im Training vorbildlich. Sie ist sehr trainingsfleissig und hilfsbereit. Sie unterst\u00fctzt die \u00dcbungsleiter in der Trainingsarbeit mit unseren j\u00fcngsten Judoka und zeigt damit ein vorbildliches Engagement.<\/p>\n\n\n\n<p class=\"wp-block-paragraph\">Wir gratulieren Johanna ganz herzlich und w\u00fcnschen Ihr weiterhin viel Erfolg und vor allem viel Spa\u00df bei der Aus\u00fcbung ihres Sports!<\/p>\n\n\n\n<p class=\"wp-block-paragraph\"><\/p>\n\n\n\n<p class=\"wp-block-paragraph\"><\/p>\n\n\n","protected":false},"excerpt":{"rendered":"<p>Bei der diesj\u00e4hrigen Jahreshauptversammlung des Gesamtvereins am 24. M\u00e4rz 2026 wurde Johanna Stapelkamp zur Sportlerin des Jahres gek\u00fcrt. Das 11-j\u00e4hrige Nachwuchstalent, das seit 2023 in unserer Judoabteilung aktiv ist, blickt auf ein \u00e4u\u00dferst erfolgreiches Wettkampfjahr zur\u00fcck: Neben ihren sportlichen Erfolgen verh\u00e4lt sich Johanna auch im Training vorbildlich. Sie ist sehr trainingsfleissig und hilfsbereit. Sie unterst\u00fctzt &#8230; <a title=\"Johanna Stapelkamp &#8211; Sportlerin des Jahres 2026\" class=\"read-more\" href=\"https:\/\/www.tvj.de\/judo\/johanna-stapelkamp-sportlerin-des-jahres-2026\/\" aria-label=\"Mehr Informationen \u00fcber Johanna Stapelkamp &#8211; Sportlerin des Jahres 2026\">Weiterlesen<\/a><\/p>\n","protected":false},"author":4,"featured_media":0,"comment_status":"closed","ping_status":"closed","sticky":false,"template":"","format":"standard","meta":{"footnotes":""},"categories":[2],"tags":[],"class_list":["post-3170","post","type-post","status-publish","format-standard","hentry","category-aktuell"],"_links":{"self":[{"href":"https:\/\/www.tvj.de\/judo\/wp-json\/wp\/v2\/posts\/3170","targetHints":{"allow":["GET"]}}],"collection":[{"href":"https:\/\/www.tvj.de\/judo\/wp-json\/wp\/v2\/posts"}],"about":[{"href":"https:\/\/www.tvj.de\/judo\/wp-json\/wp\/v2\/types\/post"}],"author":[{"embeddable":true,"href":"https:\/\/www.tvj.de\/judo\/wp-json\/wp\/v2\/users\/4"}],"replies":[{"embeddable":true,"href":"https:\/\/www.tvj.de\/judo\/wp-json\/wp\/v2\/comments?post=3170"}],"version-history":[{"count":1,"href":"https:\/\/www.tvj.de\/judo\/wp-json\/wp\/v2\/posts\/3170\/revisions"}],"predecessor-version":[{"id":3172,"href":"https:\/\/www.tvj.de\/judo\/wp-json\/wp\/v2\/posts\/3170\/revisions\/3172"}],"wp:attachment":[{"href":"https:\/\/www.tvj.de\/judo\/wp-json\/wp\/v2\/media?parent=3170"}],"wp:term":[{"taxonomy":"category","embeddable":true,"href":"https:\/\/www.tvj.de\/judo\/wp-json\/wp\/v2\/categories?post=3170"},{"taxonomy":"post_tag","embeddable":true,"href":"https:\/\/www.tvj.de\/judo\/wp-json\/wp\/v2\/tags?post=3170"}],"curies":[{"name":"wp","href":"https:\/\/api.w.org\/{rel}","templated":true}]}}