{"id":3177,"date":"2026-08-30T16:18:23","date_gmt":"2026-08-30T14:18:23","guid":{"rendered":"https:\/\/www.tvj.de\/judo\/?p=3177"},"modified":"2026-08-30T16:18:23","modified_gmt":"2026-08-30T14:18:23","slug":"jubilaeumsfest-120-jahre-tv-jahn-und-50-jahre-judoabteilung","status":"publish","type":"post","link":"https:\/\/www.tvj.de\/judo\/jubilaeumsfest-120-jahre-tv-jahn-und-50-jahre-judoabteilung\/","title":{"rendered":"Jubil\u00e4umsfest &#8211; 120 Jahre TV Jahn und 50 Jahre Judoabteilung"},"content":{"rendered":"\n<p><\/p>\n\n\n\n<p class=\"wp-block-paragraph\">Am Samstag, 11. Juli 2026, fand das gro\u00dfe Jubil\u00e4ums-Sommerfest des TV Jahn Kapellen zum 120-j\u00e4hrigen Bestehen statt. Dar\u00fcber hinaus feiert die Judoabteilung dieses Jahr ihr 50-j\u00e4hriges Bestehen!<\/p>\n\n\n\n<p class=\"wp-block-paragraph\">Auf der Wiese neben der Sporthalle hatten auch die Judoka ihre Matte aufgebaut und zeigten begeistert ihr K\u00f6nnen. Es wurden W\u00fcrfe, Haltegriffe, Hebel- und W\u00fcrgetechniken sowie die Fallschule gezeigt. \u00dcbungsk\u00e4mpfe im Stand und im Boden (Randoris) wurden ebenfalls demonstriert. Auch die interessierten Zuschauer wurden animiert, sich auf der Matte auszuprobieren und die ersten Griffe und W\u00fcrfe zu erlernen. Unsere Kinder und auch die Erwachsenen waren mit Feuereifer dabei und konnten auch dem ein oder anderen Zuschauer die Begeisterung f\u00fcr den Judosport nahebringen.<\/p>\n\n\n\n<figure class=\"wp-block-image size-large\"><img loading=\"lazy\" decoding=\"async\" width=\"1024\" height=\"1014\" src=\"https:\/\/www.tvj.de\/judo\/wp-content\/uploads\/Collage-2-1-1024x1014.jpg\" alt=\"\" class=\"wp-image-3178\" srcset=\"https:\/\/www.tvj.de\/judo\/wp-content\/uploads\/Collage-2-1-1024x1014.jpg 1024w, https:\/\/www.tvj.de\/judo\/wp-content\/uploads\/Collage-2-1-300x297.jpg 300w, https:\/\/www.tvj.de\/judo\/wp-content\/uploads\/Collage-2-1-202x200.jpg 202w, https:\/\/www.tvj.de\/judo\/wp-content\/uploads\/Collage-2-1-1536x1521.jpg 1536w, https:\/\/www.tvj.de\/judo\/wp-content\/uploads\/Collage-2-1-2048x2028.jpg 2048w\" sizes=\"auto, (max-width: 1024px) 100vw, 1024px\" \/><\/figure>\n\n\n\n<figure class=\"wp-block-image size-large\"><img loading=\"lazy\" decoding=\"async\" width=\"576\" height=\"1024\" src=\"https:\/\/www.tvj.de\/judo\/wp-content\/uploads\/20260830_142937-576x1024.jpg\" alt=\"\" class=\"wp-image-3179\" srcset=\"https:\/\/www.tvj.de\/judo\/wp-content\/uploads\/20260830_142937-576x1024.jpg 576w, https:\/\/www.tvj.de\/judo\/wp-content\/uploads\/20260830_142937-169x300.jpg 169w, https:\/\/www.tvj.de\/judo\/wp-content\/uploads\/20260830_142937-113x200.jpg 113w, https:\/\/www.tvj.de\/judo\/wp-content\/uploads\/20260830_142937-864x1536.jpg 864w, https:\/\/www.tvj.de\/judo\/wp-content\/uploads\/20260830_142937-1152x2048.jpg 1152w, https:\/\/www.tvj.de\/judo\/wp-content\/uploads\/20260830_142937-scaled.jpg 1440w\" sizes=\"auto, (max-width: 576px) 100vw, 576px\" \/><\/figure>\n","protected":false},"excerpt":{"rendered":"<p>Am Samstag, 11. Juli 2026, fand das gro\u00dfe Jubil\u00e4ums-Sommerfest des TV Jahn Kapellen zum 120-j\u00e4hrigen Bestehen statt. Dar\u00fcber hinaus feiert die Judoabteilung dieses Jahr ihr 50-j\u00e4hriges Bestehen! Auf der Wiese neben der Sporthalle hatten auch die Judoka ihre Matte aufgebaut und zeigten begeistert ihr K\u00f6nnen. Es wurden W\u00fcrfe, Haltegriffe, Hebel- und W\u00fcrgetechniken sowie die Fallschule &#8230; <a title=\"Jubil\u00e4umsfest &#8211; 120 Jahre TV Jahn und 50 Jahre Judoabteilung\" class=\"read-more\" href=\"https:\/\/www.tvj.de\/judo\/jubilaeumsfest-120-jahre-tv-jahn-und-50-jahre-judoabteilung\/\" aria-label=\"Mehr Informationen \u00fcber Jubil\u00e4umsfest &#8211; 120 Jahre TV Jahn und 50 Jahre Judoabteilung\">Weiterlesen<\/a><\/p>\n","protected":false},"author":4,"featured_media":0,"comment_status":"closed","ping_status":"closed","sticky":false,"template":"","format":"standard","meta":{"footnotes":""},"categories":[2],"tags":[],"class_list":["post-3177","post","type-post","status-publish","format-standard","hentry","category-aktuell"],"_links":{"self":[{"href":"https:\/\/www.tvj.de\/judo\/wp-json\/wp\/v2\/posts\/3177","targetHints":{"allow":["GET"]}}],"collection":[{"href":"https:\/\/www.tvj.de\/judo\/wp-json\/wp\/v2\/posts"}],"about":[{"href":"https:\/\/www.tvj.de\/judo\/wp-json\/wp\/v2\/types\/post"}],"author":[{"embeddable":true,"href":"https:\/\/www.tvj.de\/judo\/wp-json\/wp\/v2\/users\/4"}],"replies":[{"embeddable":true,"href":"https:\/\/www.tvj.de\/judo\/wp-json\/wp\/v2\/comments?post=3177"}],"version-history":[{"count":1,"href":"https:\/\/www.tvj.de\/judo\/wp-json\/wp\/v2\/posts\/3177\/revisions"}],"predecessor-version":[{"id":3180,"href":"https:\/\/www.tvj.de\/judo\/wp-json\/wp\/v2\/posts\/3177\/revisions\/3180"}],"wp:attachment":[{"href":"https:\/\/www.tvj.de\/judo\/wp-json\/wp\/v2\/media?parent=3177"}],"wp:term":[{"taxonomy":"category","embeddable":true,"href":"https:\/\/www.tvj.de\/judo\/wp-json\/wp\/v2\/categories?post=3177"},{"taxonomy":"post_tag","embeddable":true,"href":"https:\/\/www.tvj.de\/judo\/wp-json\/wp\/v2\/tags?post=3177"}],"curies":[{"name":"wp","href":"https:\/\/api.w.org\/{rel}","templated":true}]}}